{"id":3212,"date":"2019-04-17T17:13:17","date_gmt":"2019-04-17T20:13:17","guid":{"rendered":"http:\/\/inf.ibiruba.ifrs.edu.br\/?p=3212"},"modified":"2019-05-20T15:41:50","modified_gmt":"2019-05-20T18:41:50","slug":"venha-trabalhar-conosco","status":"publish","type":"post","link":"https:\/\/inf.ibiruba.ifrs.edu.br\/index.php\/2019\/04\/17\/venha-trabalhar-conosco\/","title":{"rendered":"Venha trabalhar conosco &#8211; Oportunidade Redistribui\u00e7\u00e3o"},"content":{"rendered":"\n<p>Est\u00e1 aberta a chamada p\u00fablica para REDISTRIBUI\u00c7\u00c3O de Professores do Ensino B\u00e1sico, T\u00e9cnico e Tecnol\u00f3gico (EBTT) da \u00e1rea de Inform\u00e1tica. O C\u00e2mpus Ibirub\u00e1 possui duas vagas.<\/p>\n\n\n\n<p>Redistribui\u00e7\u00e3o  \u00e9  o  deslocamento  de  cargo  de  provimento  efetivo,  ocupado  ou  vago  no \u00e2mbito do quadro geral de pessoal, para outro \u00f3rg\u00e3o ou entidade do mesmo Poder.<\/p>\n\n\n\n<p>O prazo para inscri\u00e7\u00e3o \u00e9 de 17\/04 at\u00e9 05\/05.<\/p>\n\n\n\n<p>Mais informa\u00e7\u00f5es em: https:\/\/ifrs.edu.br\/gestao-de-pessoas\/mobilidade\/editais-mobilidade\/<br><\/p>\n\n\n\n<p><\/p>\n","protected":false},"excerpt":{"rendered":"<p>Est\u00e1 aberta a chamada p\u00fablica para REDISTRIBUI\u00c7\u00c3O de Professores do Ensino B\u00e1sico, T\u00e9cnico e Tecnol\u00f3gico (EBTT) da \u00e1rea de Inform\u00e1tica. O C\u00e2mpus Ibirub\u00e1 possui duas vagas. Redistribui\u00e7\u00e3o \u00e9 o deslocamento de cargo de provimento efetivo, ocupado ou vago no \u00e2mbito do quadro geral de pessoal, para outro \u00f3rg\u00e3o ou entidade do mesmo Poder. O prazo [&hellip;]<\/p>\n","protected":false},"author":5,"featured_media":0,"comment_status":"closed","ping_status":"open","sticky":false,"template":"","format":"standard","meta":{"footnotes":""},"categories":[1],"tags":[],"class_list":["post-3212","post","type-post","status-publish","format-standard","hentry","category-eventos"],"_links":{"self":[{"href":"https:\/\/inf.ibiruba.ifrs.edu.br\/index.php\/wp-json\/wp\/v2\/posts\/3212","targetHints":{"allow":["GET"]}}],"collection":[{"href":"https:\/\/inf.ibiruba.ifrs.edu.br\/index.php\/wp-json\/wp\/v2\/posts"}],"about":[{"href":"https:\/\/inf.ibiruba.ifrs.edu.br\/index.php\/wp-json\/wp\/v2\/types\/post"}],"author":[{"embeddable":true,"href":"https:\/\/inf.ibiruba.ifrs.edu.br\/index.php\/wp-json\/wp\/v2\/users\/5"}],"replies":[{"embeddable":true,"href":"https:\/\/inf.ibiruba.ifrs.edu.br\/index.php\/wp-json\/wp\/v2\/comments?post=3212"}],"version-history":[{"count":2,"href":"https:\/\/inf.ibiruba.ifrs.edu.br\/index.php\/wp-json\/wp\/v2\/posts\/3212\/revisions"}],"predecessor-version":[{"id":3214,"href":"https:\/\/inf.ibiruba.ifrs.edu.br\/index.php\/wp-json\/wp\/v2\/posts\/3212\/revisions\/3214"}],"wp:attachment":[{"href":"https:\/\/inf.ibiruba.ifrs.edu.br\/index.php\/wp-json\/wp\/v2\/media?parent=3212"}],"wp:term":[{"taxonomy":"category","embeddable":true,"href":"https:\/\/inf.ibiruba.ifrs.edu.br\/index.php\/wp-json\/wp\/v2\/categories?post=3212"},{"taxonomy":"post_tag","embeddable":true,"href":"https:\/\/inf.ibiruba.ifrs.edu.br\/index.php\/wp-json\/wp\/v2\/tags?post=3212"}],"curies":[{"name":"wp","href":"https:\/\/api.w.org\/{rel}","templated":true}]}}