{"id":2011,"date":"2018-08-15T12:17:12","date_gmt":"2018-08-15T15:17:12","guid":{"rendered":"http:\/\/inf.ibiruba.ifrs.edu.br\/?p=2011"},"modified":"2018-08-15T12:17:31","modified_gmt":"2018-08-15T15:17:31","slug":"diretorio-academico-do-curso-de-ciencia-da-computacao-inicia-eleicao-de-novos-membros","status":"publish","type":"post","link":"https:\/\/inf.ibiruba.ifrs.edu.br\/index.php\/2018\/08\/15\/diretorio-academico-do-curso-de-ciencia-da-computacao-inicia-eleicao-de-novos-membros\/","title":{"rendered":"Diret\u00f3rio Acad\u00eamico do Curso de Ci\u00eancia da Computa\u00e7\u00e3o Inicia Elei\u00e7\u00e3o de Novos Membros"},"content":{"rendered":"<p>O\u00a0Diret\u00f3rio Acad\u00eamico do Curso de Ci\u00eancia da Computa\u00e7\u00e3o do IFRS Campus Ibirub\u00e1 abriu edital para a elei\u00e7\u00e3o de novos membros da diretoria. As inscri\u00e7\u00f5es das chapas devem acontecer at\u00e9 o dia 15 de agosto e a vota\u00e7\u00e3o no dia 16 de agosto. Confira o\u00a0<a href=\"https:\/\/ifrs.edu.br\/ibiruba\/wp-content\/uploads\/sites\/4\/2018\/08\/Edital-DA-CC-2018.pdf\">Edital Completo<\/a>.<\/p>\n","protected":false},"excerpt":{"rendered":"<p>O\u00a0Diret\u00f3rio Acad\u00eamico do Curso de Ci\u00eancia da Computa\u00e7\u00e3o do IFRS Campus Ibirub\u00e1 abriu edital para a elei\u00e7\u00e3o de novos membros da diretoria. As inscri\u00e7\u00f5es das chapas devem acontecer at\u00e9 o dia 15 de agosto e a vota\u00e7\u00e3o no dia 16 de agosto. Confira o\u00a0Edital Completo.<\/p>\n","protected":false},"author":1,"featured_media":0,"comment_status":"closed","ping_status":"open","sticky":false,"template":"","format":"standard","meta":{"footnotes":""},"categories":[3,1,6,5,7],"tags":[],"class_list":["post-2011","post","type-post","status-publish","format-standard","hentry","category-cc","category-eventos","category-ifrs","category-informatica","category-noticias"],"_links":{"self":[{"href":"https:\/\/inf.ibiruba.ifrs.edu.br\/index.php\/wp-json\/wp\/v2\/posts\/2011","targetHints":{"allow":["GET"]}}],"collection":[{"href":"https:\/\/inf.ibiruba.ifrs.edu.br\/index.php\/wp-json\/wp\/v2\/posts"}],"about":[{"href":"https:\/\/inf.ibiruba.ifrs.edu.br\/index.php\/wp-json\/wp\/v2\/types\/post"}],"author":[{"embeddable":true,"href":"https:\/\/inf.ibiruba.ifrs.edu.br\/index.php\/wp-json\/wp\/v2\/users\/1"}],"replies":[{"embeddable":true,"href":"https:\/\/inf.ibiruba.ifrs.edu.br\/index.php\/wp-json\/wp\/v2\/comments?post=2011"}],"version-history":[{"count":1,"href":"https:\/\/inf.ibiruba.ifrs.edu.br\/index.php\/wp-json\/wp\/v2\/posts\/2011\/revisions"}],"predecessor-version":[{"id":2012,"href":"https:\/\/inf.ibiruba.ifrs.edu.br\/index.php\/wp-json\/wp\/v2\/posts\/2011\/revisions\/2012"}],"wp:attachment":[{"href":"https:\/\/inf.ibiruba.ifrs.edu.br\/index.php\/wp-json\/wp\/v2\/media?parent=2011"}],"wp:term":[{"taxonomy":"category","embeddable":true,"href":"https:\/\/inf.ibiruba.ifrs.edu.br\/index.php\/wp-json\/wp\/v2\/categories?post=2011"},{"taxonomy":"post_tag","embeddable":true,"href":"https:\/\/inf.ibiruba.ifrs.edu.br\/index.php\/wp-json\/wp\/v2\/tags?post=2011"}],"curies":[{"name":"wp","href":"https:\/\/api.w.org\/{rel}","templated":true}]}}